
{"id":6352,"date":"2024-01-23T10:38:21","date_gmt":"2024-01-23T10:38:21","guid":{"rendered":"https:\/\/flupol.pt\/reacao-a-proposta-de-restricao-ao-uso-de-pfas\/"},"modified":"2024-01-23T10:53:12","modified_gmt":"2024-01-23T10:53:12","slug":"reacao-a-proposta-de-restricao-ao-uso-de-pfas","status":"publish","type":"post","link":"https:\/\/flupol.pt\/es\/reacao-a-proposta-de-restricao-ao-uso-de-pfas\/","title":{"rendered":"Reacci\u00f3n a la propuesta de restricci\u00f3n del uso de PFAS"},"content":{"rendered":"<p>El 23 de marzo de 2023, la ECHA public\u00f3 una propuesta para una restricci\u00f3n fundamental de las PFAS, que se puede regular mediante el reglamento de la UE de sustancias qu\u00edmicas REACH.<\/p>\n<p>Los PFAS son muy populares en la industria porque son t\u00e9rmica y qu\u00edmicamente estables y, por lo tanto, pueden usarse en una amplia variedad de aplicaciones.<\/p>\n<p>FLUPOL aplica productos que contienen fluoropol\u00edmeros y aunque estos est\u00e1n clasificados como pol\u00edmeros inofensivos seg\u00fan los criterios de la OCDE, tambi\u00e9n est\u00e1n cubiertos por la restricci\u00f3n propuesta sobre el uso de PFAS.<\/p>\n<p>Manteniendo estrechos intercambios con sus proveedores de materias primas relevantes, FLUPOL est\u00e1 monitoreando los procesos relacionados con la regulaci\u00f3n de PFAS, para poder reaccionar ante cualquier cambio significativo.<\/p>\n<p>Tras la consulta p\u00fablica, los comit\u00e9s recibieron una visi\u00f3n general de 5.642 comentarios de personas y organizaciones. Actualmente, la ECHA est\u00e1 debatiendo un plan conjunto sobre la mejor manera de evaluar la propuesta con las cinco autoridades nacionales que la prepararon. Una vez acordado, el plan se har\u00e1 p\u00fablico.<\/p>\n<p>FLUPOL cuenta ahora con los recubrimientos Sol-Gel, productos de nanotecnolog\u00eda de base cer\u00e1mica, que destacan por su alta dureza, resistencia al desgaste y resistencia t\u00e9rmica, permitiendo obtener caracter\u00edsticas superficiales muy cercanas a los recubrimientos de vidrio sin necesidad de someter las piezas recubiertas a temperaturas de el proceso de vitrificaci\u00f3n. Estos se pueden aplicar a la mayor\u00eda de los sustratos met\u00e1licos, particularmente aquellos con un punto de fusi\u00f3n bajo, como el aluminio.<\/p>\n","protected":false},"excerpt":{"rendered":"<p>El 23 de marzo de 2023, la ECHA public\u00f3 una propuesta para una restricci\u00f3n fundamental de las PFAS, que se puede regular mediante el reglamento de la UE de sustancias qu\u00edmicas REACH. Los PFAS son muy populares en la industria porque son t\u00e9rmica y qu\u00edmicamente estables y, por lo tanto, pueden usarse en una amplia<br \/><a href=\"https:\/\/flupol.pt\/es\/reacao-a-proposta-de-restricao-ao-uso-de-pfas\/\" class=\"more\">Read more<\/a><\/p>\n","protected":false},"author":2,"featured_media":6346,"comment_status":"closed","ping_status":"closed","sticky":false,"template":"","format":"standard","meta":{"_joinchat":[]},"categories":[116],"tags":[],"yoast_head":"<!-- This site is optimized with the Yoast SEO plugin v18.8 - https:\/\/yoast.com\/wordpress\/plugins\/seo\/ -->\n<title>Reacci\u00f3n a la propuesta de restricci\u00f3n del uso de PFAS - Flupol<\/title>\n<meta name=\"robots\" content=\"index, follow, max-snippet:-1, max-image-preview:large, max-video-preview:-1\" \/>\n<link rel=\"canonical\" href=\"https:\/\/flupol.pt\/es\/reacao-a-proposta-de-restricao-ao-uso-de-pfas\/\" \/>\n<meta property=\"og:locale\" content=\"es_ES\" \/>\n<meta property=\"og:type\" content=\"article\" \/>\n<meta property=\"og:title\" content=\"Reacci\u00f3n a la propuesta de restricci\u00f3n del uso de PFAS - Flupol\" \/>\n<meta property=\"og:description\" content=\"El 23 de marzo de 2023, la ECHA public\u00f3 una propuesta para una restricci\u00f3n fundamental de las PFAS, que se puede regular mediante el reglamento de la UE de sustancias qu\u00edmicas REACH. Los PFAS son muy populares en la industria porque son t\u00e9rmica y qu\u00edmicamente estables y, por lo tanto, pueden usarse en una ampliaRead more\" \/>\n<meta property=\"og:url\" content=\"https:\/\/flupol.pt\/es\/reacao-a-proposta-de-restricao-ao-uso-de-pfas\/\" \/>\n<meta property=\"og:site_name\" content=\"Flupol\" \/>\n<meta property=\"article:published_time\" content=\"2024-01-23T10:38:21+00:00\" \/>\n<meta property=\"article:modified_time\" content=\"2024-01-23T10:53:12+00:00\" \/>\n<meta name=\"twitter:card\" content=\"summary\" \/>\n<meta name=\"twitter:image\" content=\"https:\/\/flupol.pt\/wp-content\/uploads\/2024\/01\/PFAS.webp\" \/>\n<meta name=\"twitter:label1\" content=\"Escrito por\" \/>\n\t<meta name=\"twitter:data1\" content=\"Flupol\" \/>\n\t<meta name=\"twitter:label2\" content=\"Tiempo de lectura\" \/>\n\t<meta name=\"twitter:data2\" content=\"1 minuto\" \/>\n<script type=\"application\/ld+json\" class=\"yoast-schema-graph\">{\"@context\":\"https:\/\/schema.org\",\"@graph\":[{\"@type\":\"WebSite\",\"@id\":\"https:\/\/flupol.pt\/#website\",\"url\":\"https:\/\/flupol.pt\/\",\"name\":\"Flupol\",\"description\":\"Surface Engineering\",\"potentialAction\":[{\"@type\":\"SearchAction\",\"target\":{\"@type\":\"EntryPoint\",\"urlTemplate\":\"https:\/\/flupol.pt\/?s={search_term_string}\"},\"query-input\":\"required name=search_term_string\"}],\"inLanguage\":\"es\"},{\"@type\":\"ImageObject\",\"inLanguage\":\"es\",\"@id\":\"https:\/\/flupol.pt\/es\/reacao-a-proposta-de-restricao-ao-uso-de-pfas\/#primaryimage\",\"url\":\"https:\/\/flupol.pt\/wp-content\/uploads\/2024\/01\/PFAS.webp\",\"contentUrl\":\"https:\/\/flupol.pt\/wp-content\/uploads\/2024\/01\/PFAS.webp\",\"width\":874,\"height\":492},{\"@type\":\"WebPage\",\"@id\":\"https:\/\/flupol.pt\/es\/reacao-a-proposta-de-restricao-ao-uso-de-pfas\/#webpage\",\"url\":\"https:\/\/flupol.pt\/es\/reacao-a-proposta-de-restricao-ao-uso-de-pfas\/\",\"name\":\"Reacci\u00f3n a la propuesta de restricci\u00f3n del uso de PFAS - Flupol\",\"isPartOf\":{\"@id\":\"https:\/\/flupol.pt\/#website\"},\"primaryImageOfPage\":{\"@id\":\"https:\/\/flupol.pt\/es\/reacao-a-proposta-de-restricao-ao-uso-de-pfas\/#primaryimage\"},\"datePublished\":\"2024-01-23T10:38:21+00:00\",\"dateModified\":\"2024-01-23T10:53:12+00:00\",\"author\":{\"@id\":\"https:\/\/flupol.pt\/#\/schema\/person\/6680874b89310f266bda396aa1243ec9\"},\"breadcrumb\":{\"@id\":\"https:\/\/flupol.pt\/es\/reacao-a-proposta-de-restricao-ao-uso-de-pfas\/#breadcrumb\"},\"inLanguage\":\"es\",\"potentialAction\":[{\"@type\":\"ReadAction\",\"target\":[\"https:\/\/flupol.pt\/es\/reacao-a-proposta-de-restricao-ao-uso-de-pfas\/\"]}]},{\"@type\":\"BreadcrumbList\",\"@id\":\"https:\/\/flupol.pt\/es\/reacao-a-proposta-de-restricao-ao-uso-de-pfas\/#breadcrumb\",\"itemListElement\":[{\"@type\":\"ListItem\",\"position\":1,\"name\":\"In\u00edcio\",\"item\":\"https:\/\/flupol.pt\/es\/\"},{\"@type\":\"ListItem\",\"position\":2,\"name\":\"Reacci\u00f3n a la propuesta de restricci\u00f3n del uso de PFAS\"}]},{\"@type\":\"Person\",\"@id\":\"https:\/\/flupol.pt\/#\/schema\/person\/6680874b89310f266bda396aa1243ec9\",\"name\":\"Flupol\",\"image\":{\"@type\":\"ImageObject\",\"inLanguage\":\"es\",\"@id\":\"https:\/\/flupol.pt\/#\/schema\/person\/image\/\",\"url\":\"https:\/\/secure.gravatar.com\/avatar\/7b354f2ff59e886ef0aff958ffe8880d?s=96&d=mm&r=g\",\"contentUrl\":\"https:\/\/secure.gravatar.com\/avatar\/7b354f2ff59e886ef0aff958ffe8880d?s=96&d=mm&r=g\",\"caption\":\"Flupol\"},\"url\":\"https:\/\/flupol.pt\/es\/author\/ut_flupol-surface\/\"}]}<\/script>\n<!-- \/ Yoast SEO plugin. -->","yoast_head_json":{"title":"Reacci\u00f3n a la propuesta de restricci\u00f3n del uso de PFAS - Flupol","robots":{"index":"index","follow":"follow","max-snippet":"max-snippet:-1","max-image-preview":"max-image-preview:large","max-video-preview":"max-video-preview:-1"},"canonical":"https:\/\/flupol.pt\/es\/reacao-a-proposta-de-restricao-ao-uso-de-pfas\/","og_locale":"es_ES","og_type":"article","og_title":"Reacci\u00f3n a la propuesta de restricci\u00f3n del uso de PFAS - Flupol","og_description":"El 23 de marzo de 2023, la ECHA public\u00f3 una propuesta para una restricci\u00f3n fundamental de las PFAS, que se puede regular mediante el reglamento de la UE de sustancias qu\u00edmicas REACH. Los PFAS son muy populares en la industria porque son t\u00e9rmica y qu\u00edmicamente estables y, por lo tanto, pueden usarse en una ampliaRead more","og_url":"https:\/\/flupol.pt\/es\/reacao-a-proposta-de-restricao-ao-uso-de-pfas\/","og_site_name":"Flupol","article_published_time":"2024-01-23T10:38:21+00:00","article_modified_time":"2024-01-23T10:53:12+00:00","twitter_card":"summary","twitter_image":"https:\/\/flupol.pt\/wp-content\/uploads\/2024\/01\/PFAS.webp","twitter_misc":{"Escrito por":"Flupol","Tiempo de lectura":"1 minuto"},"schema":{"@context":"https:\/\/schema.org","@graph":[{"@type":"WebSite","@id":"https:\/\/flupol.pt\/#website","url":"https:\/\/flupol.pt\/","name":"Flupol","description":"Surface Engineering","potentialAction":[{"@type":"SearchAction","target":{"@type":"EntryPoint","urlTemplate":"https:\/\/flupol.pt\/?s={search_term_string}"},"query-input":"required name=search_term_string"}],"inLanguage":"es"},{"@type":"ImageObject","inLanguage":"es","@id":"https:\/\/flupol.pt\/es\/reacao-a-proposta-de-restricao-ao-uso-de-pfas\/#primaryimage","url":"https:\/\/flupol.pt\/wp-content\/uploads\/2024\/01\/PFAS.webp","contentUrl":"https:\/\/flupol.pt\/wp-content\/uploads\/2024\/01\/PFAS.webp","width":874,"height":492},{"@type":"WebPage","@id":"https:\/\/flupol.pt\/es\/reacao-a-proposta-de-restricao-ao-uso-de-pfas\/#webpage","url":"https:\/\/flupol.pt\/es\/reacao-a-proposta-de-restricao-ao-uso-de-pfas\/","name":"Reacci\u00f3n a la propuesta de restricci\u00f3n del uso de PFAS - Flupol","isPartOf":{"@id":"https:\/\/flupol.pt\/#website"},"primaryImageOfPage":{"@id":"https:\/\/flupol.pt\/es\/reacao-a-proposta-de-restricao-ao-uso-de-pfas\/#primaryimage"},"datePublished":"2024-01-23T10:38:21+00:00","dateModified":"2024-01-23T10:53:12+00:00","author":{"@id":"https:\/\/flupol.pt\/#\/schema\/person\/6680874b89310f266bda396aa1243ec9"},"breadcrumb":{"@id":"https:\/\/flupol.pt\/es\/reacao-a-proposta-de-restricao-ao-uso-de-pfas\/#breadcrumb"},"inLanguage":"es","potentialAction":[{"@type":"ReadAction","target":["https:\/\/flupol.pt\/es\/reacao-a-proposta-de-restricao-ao-uso-de-pfas\/"]}]},{"@type":"BreadcrumbList","@id":"https:\/\/flupol.pt\/es\/reacao-a-proposta-de-restricao-ao-uso-de-pfas\/#breadcrumb","itemListElement":[{"@type":"ListItem","position":1,"name":"In\u00edcio","item":"https:\/\/flupol.pt\/es\/"},{"@type":"ListItem","position":2,"name":"Reacci\u00f3n a la propuesta de restricci\u00f3n del uso de PFAS"}]},{"@type":"Person","@id":"https:\/\/flupol.pt\/#\/schema\/person\/6680874b89310f266bda396aa1243ec9","name":"Flupol","image":{"@type":"ImageObject","inLanguage":"es","@id":"https:\/\/flupol.pt\/#\/schema\/person\/image\/","url":"https:\/\/secure.gravatar.com\/avatar\/7b354f2ff59e886ef0aff958ffe8880d?s=96&d=mm&r=g","contentUrl":"https:\/\/secure.gravatar.com\/avatar\/7b354f2ff59e886ef0aff958ffe8880d?s=96&d=mm&r=g","caption":"Flupol"},"url":"https:\/\/flupol.pt\/es\/author\/ut_flupol-surface\/"}]}},"_links":{"self":[{"href":"https:\/\/flupol.pt\/es\/wp-json\/wp\/v2\/posts\/6352"}],"collection":[{"href":"https:\/\/flupol.pt\/es\/wp-json\/wp\/v2\/posts"}],"about":[{"href":"https:\/\/flupol.pt\/es\/wp-json\/wp\/v2\/types\/post"}],"author":[{"embeddable":true,"href":"https:\/\/flupol.pt\/es\/wp-json\/wp\/v2\/users\/2"}],"replies":[{"embeddable":true,"href":"https:\/\/flupol.pt\/es\/wp-json\/wp\/v2\/comments?post=6352"}],"version-history":[{"count":2,"href":"https:\/\/flupol.pt\/es\/wp-json\/wp\/v2\/posts\/6352\/revisions"}],"predecessor-version":[{"id":6354,"href":"https:\/\/flupol.pt\/es\/wp-json\/wp\/v2\/posts\/6352\/revisions\/6354"}],"wp:featuredmedia":[{"embeddable":true,"href":"https:\/\/flupol.pt\/es\/wp-json\/wp\/v2\/media\/6346"}],"wp:attachment":[{"href":"https:\/\/flupol.pt\/es\/wp-json\/wp\/v2\/media?parent=6352"}],"wp:term":[{"taxonomy":"category","embeddable":true,"href":"https:\/\/flupol.pt\/es\/wp-json\/wp\/v2\/categories?post=6352"},{"taxonomy":"post_tag","embeddable":true,"href":"https:\/\/flupol.pt\/es\/wp-json\/wp\/v2\/tags?post=6352"}],"curies":[{"name":"wp","href":"https:\/\/api.w.org\/{rel}","templated":true}]}}